{"id":9758,"date":"2025-10-09T10:37:21","date_gmt":"2025-10-09T08:37:21","guid":{"rendered":"https:\/\/slickpix.de\/?p=9758"},"modified":"2025-10-14T14:29:28","modified_gmt":"2025-10-14T12:29:28","slug":"bmw-m2-cup-feiert-sein-comeback-im-dtm-rahmenprogramm","status":"publish","type":"post","link":"https:\/\/slickpix.de\/en\/news\/bmw-m2-cup-feiert-sein-comeback-im-dtm-rahmenprogramm\/","title":{"rendered":"BMW M2 Cup feiert sein Comeback im DTM-Rahmenprogramm"},"content":{"rendered":"<h3 class=\"wp-block-heading\">Nachwuchs trifft auf Top-B\u00fchne<\/h3>\n\n\n\n<p>Der BMW M2 Cup 2026 richtet sich gezielt an <strong>junge Motorsport-Talente<\/strong>. Sie erhalten die Chance, sich im Umfeld der DTM zu pr\u00e4sentieren und den n\u00e4chsten Schritt auf der <strong>Road to DTM<\/strong> zu machen \u2013 dem F\u00f6rderprogramm des ADAC, das Nachwuchsfahrer vom Kartsport bis in die DTM begleitet.<\/p>\n\n\n\n<h3 class=\"wp-block-heading\">Rennkalender 2026<\/h3>\n\n\n\n<ul class=\"wp-block-list\">\n<li><strong>19.\u201321. Juni:<\/strong> Lausitzring (Saisonauftakt)<\/li>\n\n\n\n<li><strong>3.\u20135. Juli:<\/strong> Norisring \u2013 das gro\u00dfe Stadtrennen in N\u00fcrnberg<\/li>\n\n\n\n<li><strong>14.\u201316. August:<\/strong> N\u00fcrburgring<\/li>\n\n\n\n<li><strong>11.\u201313. September:<\/strong> Sachsenring<\/li>\n\n\n\n<li><strong>9.\u201311. Oktober:<\/strong> Hockenheimring (Finale)<\/li>\n<\/ul>\n\n\n\n<p>Alle Rennen werden <strong>live und kostenlos auf Joyn<\/strong> \u00fcbertragen.<\/p>\n\n\n\n<h3 class=\"wp-block-heading\">Technische Daten &amp; Konzept<\/h3>\n\n\n\n<p>Im Einsatz ist der neue <strong>BMW M2 Racing<\/strong>, ausgestattet mit einem <strong>Reihen-Vierzylinder-Motor mit M TwinPower Turbo Technologie<\/strong>, der <strong>230 kW \/ 313 PS<\/strong> leistet und \u00fcber <strong>270 km\/h Spitze<\/strong> erreicht. Basis ist das aktuelle M2-Chassis, erweitert um umfangreiche Motorsport-Komponenten.<br>Der Preis: <strong>98.000 Euro netto<\/strong> in der Basisausstattung \u2013 erh\u00e4ltlich \u00fcber ausgew\u00e4hlte <strong>BMW M Motorsport-H\u00e4ndler<\/strong>.<\/p>\n\n\n\n<p>Neu im Konzept: Alle Fahrzeuge werden 2026 <strong>von Rennteams<\/strong> eingesetzt (kein Zentraleinsatz mehr). Pro Wochenende stehen zwei freie Trainings, ein Qualifying und <strong>zwei 25-min\u00fctige Sprintrennen<\/strong> auf dem Programm. Dem Meister winkt ein <strong>umfangreiches F\u00f6rderpaket<\/strong> im Rahmen der ADAC Road to DTM.<\/p>\n\n\n\n<h3 class=\"wp-block-heading\">Stimmen zum Comeback<\/h3>\n\n\n\n<blockquote class=\"wp-block-quote is-layout-flow wp-block-quote-is-layout-flow\">\n<p><strong>Thomas Voss<\/strong>, ADAC Motorsportchef:<br>\u201eDer BMW M2 Cup ist die optimale Serie f\u00fcr den Motorsport-Einsteiger und auf der DTM-Plattform ein Sprungbrett in die h\u00f6heren Klassen. Wir freuen uns, dass wir dem Nachwuchs mit einem attraktiven Rennfahrzeug einen Start in ihre Motorsportkarriere erm\u00f6glichen k\u00f6nnen.\u201c<\/p>\n<\/blockquote>\n\n\n\n<blockquote class=\"wp-block-quote is-layout-flow wp-block-quote-is-layout-flow\">\n<p><strong>Franciscus van Meel<\/strong>, CEO der BMW M GmbH:<br>\u201eWir freuen uns sehr, dass der ADAC in der Saison 2026 den BMW M2 Cup ausrichten m\u00f6chte. Der Markenpokal hat in der Vergangenheit immer f\u00fcr spektakul\u00e4re Rennaction gesorgt, und wir k\u00f6nnen es kaum erwarten, dass er mit unserem neuen Einsteigerfahrzeug wiederbelebt wird. Mit dem BMW M2 Racing f\u00fchren wir eine stolze Tradition fort \u2013 erschwinglich, leistungsstark, wartungsfreundlich und pr\u00e4zise: ideale Voraussetzungen f\u00fcr den BMW M2 Cup.\u201c<\/p>\n<\/blockquote>","protected":false},"excerpt":{"rendered":"<p>Nachwuchs trifft auf Top-B\u00fchne Der BMW M2 Cup 2026 richtet sich gezielt an junge Motorsport-Talente. Sie erhalten die Chance, sich im Umfeld &#8230; <a title=\"BMW M2 Cup feiert sein Comeback im DTM-Rahmenprogramm\" class=\"read-more\" href=\"https:\/\/slickpix.de\/en\/news\/bmw-m2-cup-feiert-sein-comeback-im-dtm-rahmenprogramm\/\" aria-label=\"Read more about BMW M2 Cup feiert sein Comeback im DTM-Rahmenprogramm\">Read more<\/a><\/p>","protected":false},"author":3,"featured_media":9759,"comment_status":"closed","ping_status":"closed","sticky":false,"template":"","format":"standard","meta":{"footnotes":""},"categories":[46],"tags":[849,630,1452,1453,1451,1455,1454],"photographer":[],"class_list":["post-9758","post","type-post","status-publish","format-standard","has-post-thumbnail","hentry","category-news","tag-adac","tag-bmw","tag-bmw-m2","tag-bmw-motorsport","tag-dtm","tag-nachwuchs","tag-road-to-dtm","generate-columns","tablet-grid-50","mobile-grid-100","grid-parent","grid-50"],"yoast_head":"<!-- This site is optimized with the Yoast SEO plugin v27.4 - https:\/\/yoast.com\/product\/yoast-seo-wordpress\/ -->\n<title>BMW M2 Cup feiert sein Comeback im DTM-Rahmenprogramm - SLICKPIX Magazin<\/title>\n<meta name=\"robots\" content=\"index, follow, max-snippet:-1, max-image-preview:large, max-video-preview:-1\" \/>\n<link rel=\"canonical\" href=\"https:\/\/slickpix.de\/en\/news\/bmw-m2-cup-feiert-sein-comeback-im-dtm-rahmenprogramm\/\" \/>\n<meta property=\"og:locale\" content=\"en_US\" \/>\n<meta property=\"og:type\" content=\"article\" \/>\n<meta property=\"og:title\" content=\"BMW M2 Cup feiert sein Comeback im DTM-Rahmenprogramm - SLICKPIX Magazin\" \/>\n<meta property=\"og:description\" content=\"Nachwuchs trifft auf Top-B\u00fchne Der BMW M2 Cup 2026 richtet sich gezielt an junge Motorsport-Talente. Sie erhalten die Chance, sich im Umfeld ... Read more\" \/>\n<meta property=\"og:url\" content=\"https:\/\/slickpix.de\/en\/news\/bmw-m2-cup-feiert-sein-comeback-im-dtm-rahmenprogramm\/\" \/>\n<meta property=\"og:site_name\" content=\"SLICKPIX Magazin\" \/>\n<meta property=\"article:publisher\" content=\"https:\/\/facebook.com\/slickpix\" \/>\n<meta property=\"article:published_time\" content=\"2025-10-09T08:37:21+00:00\" \/>\n<meta property=\"article:modified_time\" content=\"2025-10-14T12:29:28+00:00\" \/>\n<meta property=\"og:image\" content=\"https:\/\/slickpix.de\/wp-content\/uploads\/2025\/10\/BMW-M2-Cup-by-BMW-Motorsport.jpg\" \/>\n\t<meta property=\"og:image:width\" content=\"750\" \/>\n\t<meta property=\"og:image:height\" content=\"500\" \/>\n\t<meta property=\"og:image:type\" content=\"image\/jpeg\" \/>\n<meta name=\"author\" content=\"Christoph Caspary\" \/>\n<meta name=\"twitter:card\" content=\"summary_large_image\" \/>\n<meta name=\"twitter:label1\" content=\"Written by\" \/>\n\t<meta name=\"twitter:data1\" content=\"Christoph Caspary\" \/>\n\t<meta name=\"twitter:label2\" content=\"Est. reading time\" \/>\n\t<meta name=\"twitter:data2\" content=\"2 minutes\" \/>\n<script type=\"application\/ld+json\" class=\"yoast-schema-graph\">{\"@context\":\"https:\\\/\\\/schema.org\",\"@graph\":[{\"@type\":\"Article\",\"@id\":\"https:\\\/\\\/slickpix.de\\\/news\\\/bmw-m2-cup-feiert-sein-comeback-im-dtm-rahmenprogramm\\\/#article\",\"isPartOf\":{\"@id\":\"https:\\\/\\\/slickpix.de\\\/news\\\/bmw-m2-cup-feiert-sein-comeback-im-dtm-rahmenprogramm\\\/\"},\"author\":{\"name\":\"Christoph Caspary\",\"@id\":\"https:\\\/\\\/slickpix.de\\\/#\\\/schema\\\/person\\\/d1ea5f86532f2bd096a6da0b584d1d01\"},\"headline\":\"BMW M2 Cup feiert sein Comeback im DTM-Rahmenprogramm\",\"datePublished\":\"2025-10-09T08:37:21+00:00\",\"dateModified\":\"2025-10-14T12:29:28+00:00\",\"mainEntityOfPage\":{\"@id\":\"https:\\\/\\\/slickpix.de\\\/news\\\/bmw-m2-cup-feiert-sein-comeback-im-dtm-rahmenprogramm\\\/\"},\"wordCount\":319,\"publisher\":{\"@id\":\"https:\\\/\\\/slickpix.de\\\/#organization\"},\"image\":{\"@id\":\"https:\\\/\\\/slickpix.de\\\/news\\\/bmw-m2-cup-feiert-sein-comeback-im-dtm-rahmenprogramm\\\/#primaryimage\"},\"thumbnailUrl\":\"https:\\\/\\\/slickpix.de\\\/wp-content\\\/uploads\\\/2025\\\/10\\\/BMW-M2-Cup-by-BMW-Motorsport.jpg\",\"keywords\":[\"ADAC\",\"BMW\",\"BMW M2\",\"BMW Motorsport\",\"DTM\",\"Nachwuchs\",\"Road to DTM\"],\"articleSection\":[\"News\"],\"inLanguage\":\"en-US\"},{\"@type\":\"WebPage\",\"@id\":\"https:\\\/\\\/slickpix.de\\\/news\\\/bmw-m2-cup-feiert-sein-comeback-im-dtm-rahmenprogramm\\\/\",\"url\":\"https:\\\/\\\/slickpix.de\\\/news\\\/bmw-m2-cup-feiert-sein-comeback-im-dtm-rahmenprogramm\\\/\",\"name\":\"BMW M2 Cup feiert sein Comeback im DTM-Rahmenprogramm - SLICKPIX Magazin\",\"isPartOf\":{\"@id\":\"https:\\\/\\\/slickpix.de\\\/#website\"},\"primaryImageOfPage\":{\"@id\":\"https:\\\/\\\/slickpix.de\\\/news\\\/bmw-m2-cup-feiert-sein-comeback-im-dtm-rahmenprogramm\\\/#primaryimage\"},\"image\":{\"@id\":\"https:\\\/\\\/slickpix.de\\\/news\\\/bmw-m2-cup-feiert-sein-comeback-im-dtm-rahmenprogramm\\\/#primaryimage\"},\"thumbnailUrl\":\"https:\\\/\\\/slickpix.de\\\/wp-content\\\/uploads\\\/2025\\\/10\\\/BMW-M2-Cup-by-BMW-Motorsport.jpg\",\"datePublished\":\"2025-10-09T08:37:21+00:00\",\"dateModified\":\"2025-10-14T12:29:28+00:00\",\"breadcrumb\":{\"@id\":\"https:\\\/\\\/slickpix.de\\\/news\\\/bmw-m2-cup-feiert-sein-comeback-im-dtm-rahmenprogramm\\\/#breadcrumb\"},\"inLanguage\":\"en-US\",\"potentialAction\":[{\"@type\":\"ReadAction\",\"target\":[\"https:\\\/\\\/slickpix.de\\\/news\\\/bmw-m2-cup-feiert-sein-comeback-im-dtm-rahmenprogramm\\\/\"]}]},{\"@type\":\"ImageObject\",\"inLanguage\":\"en-US\",\"@id\":\"https:\\\/\\\/slickpix.de\\\/news\\\/bmw-m2-cup-feiert-sein-comeback-im-dtm-rahmenprogramm\\\/#primaryimage\",\"url\":\"https:\\\/\\\/slickpix.de\\\/wp-content\\\/uploads\\\/2025\\\/10\\\/BMW-M2-Cup-by-BMW-Motorsport.jpg\",\"contentUrl\":\"https:\\\/\\\/slickpix.de\\\/wp-content\\\/uploads\\\/2025\\\/10\\\/BMW-M2-Cup-by-BMW-Motorsport.jpg\",\"width\":750,\"height\":500,\"caption\":\"\u00a9 BMW\"},{\"@type\":\"BreadcrumbList\",\"@id\":\"https:\\\/\\\/slickpix.de\\\/news\\\/bmw-m2-cup-feiert-sein-comeback-im-dtm-rahmenprogramm\\\/#breadcrumb\",\"itemListElement\":[{\"@type\":\"ListItem\",\"position\":1,\"name\":\"Home\",\"item\":\"https:\\\/\\\/slickpix.de\\\/\"},{\"@type\":\"ListItem\",\"position\":2,\"name\":\"BMW M2 Cup feiert sein Comeback im DTM-Rahmenprogramm\"}]},{\"@type\":\"WebSite\",\"@id\":\"https:\\\/\\\/slickpix.de\\\/#website\",\"url\":\"https:\\\/\\\/slickpix.de\\\/\",\"name\":\"SLICKPIX Magazin\",\"description\":\"Motorsport Pictures &amp; Stories\",\"publisher\":{\"@id\":\"https:\\\/\\\/slickpix.de\\\/#organization\"},\"potentialAction\":[{\"@type\":\"SearchAction\",\"target\":{\"@type\":\"EntryPoint\",\"urlTemplate\":\"https:\\\/\\\/slickpix.de\\\/?s={search_term_string}\"},\"query-input\":{\"@type\":\"PropertyValueSpecification\",\"valueRequired\":true,\"valueName\":\"search_term_string\"}}],\"inLanguage\":\"en-US\"},{\"@type\":\"Organization\",\"@id\":\"https:\\\/\\\/slickpix.de\\\/#organization\",\"name\":\"Slickpix\",\"url\":\"https:\\\/\\\/slickpix.de\\\/\",\"logo\":{\"@type\":\"ImageObject\",\"inLanguage\":\"en-US\",\"@id\":\"https:\\\/\\\/slickpix.de\\\/#\\\/schema\\\/logo\\\/image\\\/\",\"url\":\"https:\\\/\\\/slickpix.de\\\/wp-content\\\/uploads\\\/2025\\\/12\\\/slickpix-logo.png\",\"contentUrl\":\"https:\\\/\\\/slickpix.de\\\/wp-content\\\/uploads\\\/2025\\\/12\\\/slickpix-logo.png\",\"width\":800,\"height\":180,\"caption\":\"Slickpix\"},\"image\":{\"@id\":\"https:\\\/\\\/slickpix.de\\\/#\\\/schema\\\/logo\\\/image\\\/\"},\"sameAs\":[\"https:\\\/\\\/facebook.com\\\/slickpix\",\"https:\\\/\\\/instagram.com\\\/slickpix.de\\\/\"]},{\"@type\":\"Person\",\"@id\":\"https:\\\/\\\/slickpix.de\\\/#\\\/schema\\\/person\\\/d1ea5f86532f2bd096a6da0b584d1d01\",\"name\":\"Christoph Caspary\",\"sameAs\":[\"https:\\\/\\\/slickpix.de\"],\"url\":\"https:\\\/\\\/slickpix.de\\\/en\\\/author\\\/christoph-caspary\\\/\"}]}<\/script>\n<!-- \/ Yoast SEO plugin. -->","yoast_head_json":{"title":"BMW M2 Cup feiert sein Comeback im DTM-Rahmenprogramm - SLICKPIX Magazin","robots":{"index":"index","follow":"follow","max-snippet":"max-snippet:-1","max-image-preview":"max-image-preview:large","max-video-preview":"max-video-preview:-1"},"canonical":"https:\/\/slickpix.de\/en\/news\/bmw-m2-cup-feiert-sein-comeback-im-dtm-rahmenprogramm\/","og_locale":"en_US","og_type":"article","og_title":"BMW M2 Cup feiert sein Comeback im DTM-Rahmenprogramm - SLICKPIX Magazin","og_description":"Nachwuchs trifft auf Top-B\u00fchne Der BMW M2 Cup 2026 richtet sich gezielt an junge Motorsport-Talente. Sie erhalten die Chance, sich im Umfeld ... Read more","og_url":"https:\/\/slickpix.de\/en\/news\/bmw-m2-cup-feiert-sein-comeback-im-dtm-rahmenprogramm\/","og_site_name":"SLICKPIX Magazin","article_publisher":"https:\/\/facebook.com\/slickpix","article_published_time":"2025-10-09T08:37:21+00:00","article_modified_time":"2025-10-14T12:29:28+00:00","og_image":[{"width":750,"height":500,"url":"https:\/\/slickpix.de\/wp-content\/uploads\/2025\/10\/BMW-M2-Cup-by-BMW-Motorsport.jpg","type":"image\/jpeg"}],"author":"Christoph Caspary","twitter_card":"summary_large_image","twitter_misc":{"Written by":"Christoph Caspary","Est. reading time":"2 minutes"},"schema":{"@context":"https:\/\/schema.org","@graph":[{"@type":"Article","@id":"https:\/\/slickpix.de\/news\/bmw-m2-cup-feiert-sein-comeback-im-dtm-rahmenprogramm\/#article","isPartOf":{"@id":"https:\/\/slickpix.de\/news\/bmw-m2-cup-feiert-sein-comeback-im-dtm-rahmenprogramm\/"},"author":{"name":"Christoph Caspary","@id":"https:\/\/slickpix.de\/#\/schema\/person\/d1ea5f86532f2bd096a6da0b584d1d01"},"headline":"BMW M2 Cup feiert sein Comeback im DTM-Rahmenprogramm","datePublished":"2025-10-09T08:37:21+00:00","dateModified":"2025-10-14T12:29:28+00:00","mainEntityOfPage":{"@id":"https:\/\/slickpix.de\/news\/bmw-m2-cup-feiert-sein-comeback-im-dtm-rahmenprogramm\/"},"wordCount":319,"publisher":{"@id":"https:\/\/slickpix.de\/#organization"},"image":{"@id":"https:\/\/slickpix.de\/news\/bmw-m2-cup-feiert-sein-comeback-im-dtm-rahmenprogramm\/#primaryimage"},"thumbnailUrl":"https:\/\/slickpix.de\/wp-content\/uploads\/2025\/10\/BMW-M2-Cup-by-BMW-Motorsport.jpg","keywords":["ADAC","BMW","BMW M2","BMW Motorsport","DTM","Nachwuchs","Road to DTM"],"articleSection":["News"],"inLanguage":"en-US"},{"@type":"WebPage","@id":"https:\/\/slickpix.de\/news\/bmw-m2-cup-feiert-sein-comeback-im-dtm-rahmenprogramm\/","url":"https:\/\/slickpix.de\/news\/bmw-m2-cup-feiert-sein-comeback-im-dtm-rahmenprogramm\/","name":"BMW M2 Cup feiert sein Comeback im DTM-Rahmenprogramm - SLICKPIX Magazin","isPartOf":{"@id":"https:\/\/slickpix.de\/#website"},"primaryImageOfPage":{"@id":"https:\/\/slickpix.de\/news\/bmw-m2-cup-feiert-sein-comeback-im-dtm-rahmenprogramm\/#primaryimage"},"image":{"@id":"https:\/\/slickpix.de\/news\/bmw-m2-cup-feiert-sein-comeback-im-dtm-rahmenprogramm\/#primaryimage"},"thumbnailUrl":"https:\/\/slickpix.de\/wp-content\/uploads\/2025\/10\/BMW-M2-Cup-by-BMW-Motorsport.jpg","datePublished":"2025-10-09T08:37:21+00:00","dateModified":"2025-10-14T12:29:28+00:00","breadcrumb":{"@id":"https:\/\/slickpix.de\/news\/bmw-m2-cup-feiert-sein-comeback-im-dtm-rahmenprogramm\/#breadcrumb"},"inLanguage":"en-US","potentialAction":[{"@type":"ReadAction","target":["https:\/\/slickpix.de\/news\/bmw-m2-cup-feiert-sein-comeback-im-dtm-rahmenprogramm\/"]}]},{"@type":"ImageObject","inLanguage":"en-US","@id":"https:\/\/slickpix.de\/news\/bmw-m2-cup-feiert-sein-comeback-im-dtm-rahmenprogramm\/#primaryimage","url":"https:\/\/slickpix.de\/wp-content\/uploads\/2025\/10\/BMW-M2-Cup-by-BMW-Motorsport.jpg","contentUrl":"https:\/\/slickpix.de\/wp-content\/uploads\/2025\/10\/BMW-M2-Cup-by-BMW-Motorsport.jpg","width":750,"height":500,"caption":"\u00a9 BMW"},{"@type":"BreadcrumbList","@id":"https:\/\/slickpix.de\/news\/bmw-m2-cup-feiert-sein-comeback-im-dtm-rahmenprogramm\/#breadcrumb","itemListElement":[{"@type":"ListItem","position":1,"name":"Home","item":"https:\/\/slickpix.de\/"},{"@type":"ListItem","position":2,"name":"BMW M2 Cup feiert sein Comeback im DTM-Rahmenprogramm"}]},{"@type":"WebSite","@id":"https:\/\/slickpix.de\/#website","url":"https:\/\/slickpix.de\/","name":"SLICKPIX Magazine","description":"Motorsport Pictures &amp; Stories","publisher":{"@id":"https:\/\/slickpix.de\/#organization"},"potentialAction":[{"@type":"SearchAction","target":{"@type":"EntryPoint","urlTemplate":"https:\/\/slickpix.de\/?s={search_term_string}"},"query-input":{"@type":"PropertyValueSpecification","valueRequired":true,"valueName":"search_term_string"}}],"inLanguage":"en-US"},{"@type":"Organization","@id":"https:\/\/slickpix.de\/#organization","name":"Slickpix","url":"https:\/\/slickpix.de\/","logo":{"@type":"ImageObject","inLanguage":"en-US","@id":"https:\/\/slickpix.de\/#\/schema\/logo\/image\/","url":"https:\/\/slickpix.de\/wp-content\/uploads\/2025\/12\/slickpix-logo.png","contentUrl":"https:\/\/slickpix.de\/wp-content\/uploads\/2025\/12\/slickpix-logo.png","width":800,"height":180,"caption":"Slickpix"},"image":{"@id":"https:\/\/slickpix.de\/#\/schema\/logo\/image\/"},"sameAs":["https:\/\/facebook.com\/slickpix","https:\/\/instagram.com\/slickpix.de\/"]},{"@type":"Person","@id":"https:\/\/slickpix.de\/#\/schema\/person\/d1ea5f86532f2bd096a6da0b584d1d01","name":"Christoph Caspary","sameAs":["https:\/\/slickpix.de"],"url":"https:\/\/slickpix.de\/en\/author\/christoph-caspary\/"}]}},"_links":{"self":[{"href":"https:\/\/slickpix.de\/en\/wp-json\/wp\/v2\/posts\/9758","targetHints":{"allow":["GET"]}}],"collection":[{"href":"https:\/\/slickpix.de\/en\/wp-json\/wp\/v2\/posts"}],"about":[{"href":"https:\/\/slickpix.de\/en\/wp-json\/wp\/v2\/types\/post"}],"author":[{"embeddable":true,"href":"https:\/\/slickpix.de\/en\/wp-json\/wp\/v2\/users\/3"}],"replies":[{"embeddable":true,"href":"https:\/\/slickpix.de\/en\/wp-json\/wp\/v2\/comments?post=9758"}],"version-history":[{"count":4,"href":"https:\/\/slickpix.de\/en\/wp-json\/wp\/v2\/posts\/9758\/revisions"}],"predecessor-version":[{"id":9816,"href":"https:\/\/slickpix.de\/en\/wp-json\/wp\/v2\/posts\/9758\/revisions\/9816"}],"wp:featuredmedia":[{"embeddable":true,"href":"https:\/\/slickpix.de\/en\/wp-json\/wp\/v2\/media\/9759"}],"wp:attachment":[{"href":"https:\/\/slickpix.de\/en\/wp-json\/wp\/v2\/media?parent=9758"}],"wp:term":[{"taxonomy":"category","embeddable":true,"href":"https:\/\/slickpix.de\/en\/wp-json\/wp\/v2\/categories?post=9758"},{"taxonomy":"post_tag","embeddable":true,"href":"https:\/\/slickpix.de\/en\/wp-json\/wp\/v2\/tags?post=9758"},{"taxonomy":"photographer","embeddable":true,"href":"https:\/\/slickpix.de\/en\/wp-json\/wp\/v2\/photographer?post=9758"}],"curies":[{"name":"wp","href":"https:\/\/api.w.org\/{rel}","templated":true}]}}