{"id":24768,"date":"2026-08-10T09:26:52","date_gmt":"2026-08-10T07:26:52","guid":{"rendered":"https:\/\/slickpix.de\/?p=24768"},"modified":"2026-08-10T09:26:53","modified_gmt":"2026-08-10T07:26:53","slug":"belmot-oldtimer-grand-prix-2026-successful-classic-weekend-at-the-nuerburgring","status":"publish","type":"post","link":"https:\/\/slickpix.de\/en\/racing\/belmot-oldtimer-grand-prix-2026-erfolgreiches-klassik-wochenende-am-nuerburgring\/","title":{"rendered":"BELMOT Oldtimer Grand Prix 2026: Successful classic weekend at the N\u00fcrburgring"},"content":{"rendered":"<p class=\"wp-block-paragraph\">With strong visitor numbers, top-class starting grids, and several new program items, the 53rd BELMOT Oldtimer Grand Prix has successfully come to an end. From August 7 to 9, around 43,000 spectators flocked to the N\u00fcrburgring, representing a significant increase in attendance compared to the previous year. Boosted by summer weather, the traditional classic car festival once again developed into a meeting place for fans of historic racing cars from all eras.<\/p>\n\n\n\n<p class=\"wp-block-paragraph\">The sporting program spanned from pre-war racing cars and historic Formula 1 vehicles to touring cars, GT vehicles, and more recent prototypes. In addition to the races, the open paddocks and numerous exhibitions and program highlights also attracted many visitors.<\/p>\n\n\n\n<h2 class=\"wp-block-heading\">Classics and crowd favorites<\/h2>\n\n\n\n<p class=\"wp-block-paragraph\">One of the highlights of the weekend was once again the traditional evening race for two-seater racing cars and GT vehicles built up to 1965. The special atmosphere at dusk, with illuminated hot-air balloons and the concluding fireworks, once again made this part of the program one of the emotional highlights of the weekend. At the same time, it became apparent that the generational shift in historic motorsport is increasingly succeeding, as more and more vehicle owners are entrusting their valuable racing cars to younger drivers.<\/p>\n\n\n\n<p class=\"wp-block-paragraph\">The Tourenwagen Goldene \u00c4ra also generated great interest. In the once again strongly contested Super Touring Revival, Uwe Alzen celebrated a successful comeback after a racing break of around four years, winning the first heat in the 1998 Opel Vectra STW. Also strongly contested were the Porsche Classic Cup and the Vintage Sports Car Trophy with numerous pre-war race cars. Among the special exhibits were the Mercedes-Benz 680 S, with which Rudolf Caracciola won the N\u00fcrburgring opening race in 1927, and a Bugatti exhibition on Sunday. Motorcycle fans got their money's worth at \u201eGrabTheFlag!\u201c with guest of honor Helmut D\u00e4hne.<\/p>\n\n\n\n<h2 class=\"wp-block-heading\">New formats enrich the program<\/h2>\n\n\n\n<p class=\"wp-block-paragraph\">Several new event items celebrated a successful premiere this year. The Formula Heritage presented historic formula racing cars in a time-on-track format, while the Trophy Race for Ferrari Cars integrated modern GT and super sports cars into the program. Also receiving attention was the Class One Revival, supported by BMW Classic, which featured, among other things, the victorious BMW M3 GT2 from the 2010 N\u00fcrburgring 24 Hours.<\/p>\n\n\n\n<p class=\"wp-block-paragraph\">Also part of the weekend for the first time was the Interwetten Sports Cars Challenge. With high-performance sports cars and impressive engine sound, the series added extra excitement. Former Formula 1 driver Christian Klien won both races. The discussion panels by Schnitzer Classic also met with great interest. They commemorated Herbert Schnitzer, who passed away this year, while companions and former drivers looked back on many decades of Schnitzer motorsport.<\/p>\n\n\n\n<h2 class=\"wp-block-heading\">BELMOT extends commitment<\/h2>\n\n\n\n<p class=\"wp-block-paragraph\">Planning certainty is ensured by the extension of the partnership with BELMOT. The title sponsor will support the Oldtimer Grand Prix at least up to and including 2029. In addition to the sporting program, other partners also contributed to the success of the event with offerings for visitors and participants \u2013 including autograph sessions, expert discussions, and a car auction in the ring\u00b0boulevard.<\/p>\n\n\n\n<h2 class=\"wp-block-heading\">Looking ahead to 2027<\/h2>\n\n\n\n<p class=\"wp-block-paragraph\">The organizers drew an overall very positive conclusion and pointed to the numerous positive feedbacks from participants and visitors. Preparations for the next edition of the Oldtimer Grand Prix are already underway. The date is again scheduled for early August, but is not yet finalized in connection with the planning for the 100th anniversary of the N\u00fcrburgring. The traditional classic car event aims to help shape this special anniversary of the legendary race track next year accordingly.<\/p>","protected":false},"excerpt":{"rendered":"<p>Historic racing cars, legendary drivers, and successful premieres made for a weekend full of motorsport history and genuine emotion at the 2026 BELMOT Oldtimer Grand Prix. Our review of the largest classic festival of the year shows why new formats and traditional classics alike thrilled the audience at the N\u00fcrburgring.<\/p>","protected":false},"author":3,"featured_media":24769,"comment_status":"open","ping_status":"closed","sticky":false,"template":"","format":"standard","meta":{"footnotes":""},"categories":[80],"tags":[3972,3986,3979,3958,3980,3976,829,3981,3977,3989,704,3960,3974,3969,3973,3966,3618,3826,3716,3390,1030,3983,3978,3987,3962,732,3990,3964,3982,2668,3988,1889,634,603,3985,3992,708,3991,3959,3963,3967,2505,1255,3971,3984,3970,3610,3968,3975,3965,959,3961],"photographer":[],"class_list":["post-24768","post","type-post","status-publish","format-standard","has-post-thumbnail","hentry","category-racing","tag-abendrennen","tag-automobilauktion","tag-belmot","tag-belmot-oldtimer-grand-prix","tag-bmw-classic","tag-bmw-m3-gt2","tag-bugatti","tag-christian-klien","tag-class-one-revival","tag-classicbid","tag-ferrari","tag-formel-1-klassiker","tag-formula-heritage","tag-grabtheflag","tag-gt-fahrzeuge","tag-helmut-daehne","tag-herbert-schnitzer","tag-historic-motorsport","tag-historic-racing","tag-historische-rennwagen","tag-historischer-motorsport","tag-interwetten-sports-cars-challenge","tag-junghans","tag-klassik-event","tag-klassik-motorsport","tag-klassiker","tag-mannheimer-versicherung","tag-mercedes-benz-680-s","tag-motor-klassik","tag-motorsport-deutschland","tag-motorsport-festival-2","tag-motorsport-news","tag-motorsportgeschichte","tag-nuerburgring","tag-nuerburgring-100-jahre","tag-nuerburgring-jubilaeum","tag-oldtimer","tag-oldtimer-festival","tag-oldtimer-grand-prix-2026","tag-opel-vectra-stw","tag-porsche-classic-cup","tag-prototypen","tag-rennsport","tag-rudolf-caracciola","tag-schnitzer-classic","tag-super-touring-revival","tag-tourenwagen","tag-tourenwagen-goldene-aera","tag-trophy-race-for-ferrari-cars","tag-uwe-alzen","tag-vintage-sports-car-trophy","tag-vorkriegsrennwagen","generate-columns","tablet-grid-50","mobile-grid-100","grid-parent","grid-50"],"yoast_head":"<!-- This site is optimized with the Yoast SEO plugin v28.4 - https:\/\/yoast.com\/product\/yoast-seo-wordpress\/ -->\n<title>BELMOT Oldtimer-Grand-Prix 2026: Erfolgreiches Klassik-Wochenende am N\u00fcrburgring - SLICKPIX Magazin<\/title>\n<meta name=\"description\" content=\"Historische Rennwagen, legend\u00e4re Fahrer und gelungene Premieren sorgten beim BELMOT Oldtimer Grand Prix 2026 f\u00fcr ein Wochenende voller Motorsportgeschichte und echter Emotionen. Warum gerade neue Formate und traditionsreiche Klassiker das Publikum am N\u00fcrburgring gleicherma\u00dfen begeisterten, zeigt unser R\u00fcckblick auf das gr\u00f6\u00dfte Klassikfestival des Jahres.\" \/>\n<meta name=\"robots\" content=\"index, follow, max-snippet:-1, max-image-preview:large, max-video-preview:-1\" \/>\n<link rel=\"canonical\" href=\"https:\/\/slickpix.de\/en\/racing\/belmot-oldtimer-grand-prix-2026-successful-classic-weekend-at-the-nuerburgring\/\" \/>\n<meta property=\"og:locale\" content=\"en_US\" \/>\n<meta property=\"og:type\" content=\"article\" \/>\n<meta property=\"og:title\" content=\"BELMOT Oldtimer-Grand-Prix 2026: Erfolgreiches Klassik-Wochenende am N\u00fcrburgring - SLICKPIX Magazin\" \/>\n<meta property=\"og:description\" content=\"Historische Rennwagen, legend\u00e4re Fahrer und gelungene Premieren sorgten beim BELMOT Oldtimer Grand Prix 2026 f\u00fcr ein Wochenende voller Motorsportgeschichte und echter Emotionen. Warum gerade neue Formate und traditionsreiche Klassiker das Publikum am N\u00fcrburgring gleicherma\u00dfen begeisterten, zeigt unser R\u00fcckblick auf das gr\u00f6\u00dfte Klassikfestival des Jahres.\" \/>\n<meta property=\"og:url\" content=\"https:\/\/slickpix.de\/en\/racing\/belmot-oldtimer-grand-prix-2026-successful-classic-weekend-at-the-nuerburgring\/\" \/>\n<meta property=\"og:site_name\" content=\"SLICKPIX Magazin\" \/>\n<meta property=\"article:publisher\" content=\"https:\/\/facebook.com\/slickpix\" \/>\n<meta property=\"article:published_time\" content=\"2026-08-10T07:26:52+00:00\" \/>\n<meta property=\"article:modified_time\" content=\"2026-08-10T07:26:53+00:00\" \/>\n<meta property=\"og:image\" content=\"https:\/\/slickpix.de\/wp-content\/uploads\/2026\/08\/2026-08-10-Marcel-Ebeling-OGP-scaled.jpg\" \/>\n\t<meta property=\"og:image:width\" content=\"2560\" \/>\n\t<meta property=\"og:image:height\" content=\"1707\" \/>\n\t<meta property=\"og:image:type\" content=\"image\/jpeg\" \/>\n<meta name=\"author\" content=\"Christoph Caspary\" \/>\n<meta name=\"twitter:card\" content=\"summary_large_image\" \/>\n<meta name=\"twitter:label1\" content=\"Written by\" \/>\n\t<meta name=\"twitter:data1\" content=\"Christoph Caspary\" \/>\n\t<meta name=\"twitter:label2\" content=\"Est. reading time\" \/>\n\t<meta name=\"twitter:data2\" content=\"4 minutes\" \/>\n<script type=\"application\/ld+json\" class=\"yoast-schema-graph\">{\"@context\":\"https:\\\/\\\/schema.org\",\"@graph\":[{\"@type\":\"Article\",\"@id\":\"https:\\\/\\\/slickpix.de\\\/racing\\\/belmot-oldtimer-grand-prix-2026-erfolgreiches-klassik-wochenende-am-nuerburgring\\\/#article\",\"isPartOf\":{\"@id\":\"https:\\\/\\\/slickpix.de\\\/racing\\\/belmot-oldtimer-grand-prix-2026-erfolgreiches-klassik-wochenende-am-nuerburgring\\\/\"},\"author\":{\"name\":\"Christoph Caspary\",\"@id\":\"https:\\\/\\\/slickpix.de\\\/#\\\/schema\\\/person\\\/d1ea5f86532f2bd096a6da0b584d1d01\"},\"headline\":\"BELMOT Oldtimer-Grand-Prix 2026: Erfolgreiches Klassik-Wochenende am N\u00fcrburgring\",\"datePublished\":\"2026-08-10T07:26:52+00:00\",\"dateModified\":\"2026-08-10T07:26:53+00:00\",\"mainEntityOfPage\":{\"@id\":\"https:\\\/\\\/slickpix.de\\\/racing\\\/belmot-oldtimer-grand-prix-2026-erfolgreiches-klassik-wochenende-am-nuerburgring\\\/\"},\"wordCount\":551,\"commentCount\":0,\"publisher\":{\"@id\":\"https:\\\/\\\/slickpix.de\\\/#organization\"},\"image\":{\"@id\":\"https:\\\/\\\/slickpix.de\\\/racing\\\/belmot-oldtimer-grand-prix-2026-erfolgreiches-klassik-wochenende-am-nuerburgring\\\/#primaryimage\"},\"thumbnailUrl\":\"https:\\\/\\\/slickpix.de\\\/wp-content\\\/uploads\\\/2026\\\/08\\\/2026-08-10-Marcel-Ebeling-OGP-scaled.jpg\",\"keywords\":[\"Abendrennen\",\"Automobilauktion\",\"BELMOT\",\"BELMOT Oldtimer Grand Prix\",\"BMW Classic\",\"BMW M3 GT2\",\"Bugatti\",\"Christian Klien\",\"Class One Revival\",\"Classicbid\",\"Ferrari\",\"Formel 1 Klassiker\",\"Formula Heritage\",\"GrabTheFlag\",\"GT Fahrzeuge\",\"Helmut D\u00e4hne\",\"Herbert Schnitzer\",\"Historic Motorsport\",\"Historic Racing\",\"Historische Rennwagen\",\"historischer Motorsport\",\"Interwetten Sports Cars Challenge\",\"Junghans\",\"Klassik Event\",\"Klassik Motorsport\",\"Klassiker\",\"Mannheimer Versicherung\",\"Mercedes Benz 680 S\",\"Motor Klassik\",\"Motorsport Deutschland\",\"Motorsport Festival\",\"Motorsport News\",\"Motorsportgeschichte\",\"N\u00fcrburgring\",\"N\u00fcrburgring 100 Jahre\",\"N\u00fcrburgring Jubil\u00e4um\",\"Oldtimer\",\"Oldtimer Festival\",\"Oldtimer Grand Prix 2026\",\"Opel Vectra STW\",\"Porsche Classic Cup\",\"Prototypen\",\"Rennsport\",\"Rudolf Caracciola\",\"Schnitzer Classic\",\"Super Touring Revival\",\"Tourenwagen\",\"Tourenwagen Goldene \u00c4ra\",\"Trophy Race for Ferrari Cars\",\"Uwe Alzen\",\"Vintage Sports Car Trophy\",\"Vorkriegsrennwagen\"],\"articleSection\":[\"Racing\"],\"inLanguage\":\"en-US\",\"potentialAction\":[{\"@type\":\"CommentAction\",\"name\":\"Comment\",\"target\":[\"https:\\\/\\\/slickpix.de\\\/racing\\\/belmot-oldtimer-grand-prix-2026-erfolgreiches-klassik-wochenende-am-nuerburgring\\\/#respond\"]}]},{\"@type\":\"WebPage\",\"@id\":\"https:\\\/\\\/slickpix.de\\\/racing\\\/belmot-oldtimer-grand-prix-2026-erfolgreiches-klassik-wochenende-am-nuerburgring\\\/\",\"url\":\"https:\\\/\\\/slickpix.de\\\/racing\\\/belmot-oldtimer-grand-prix-2026-erfolgreiches-klassik-wochenende-am-nuerburgring\\\/\",\"name\":\"BELMOT Oldtimer-Grand-Prix 2026: Erfolgreiches Klassik-Wochenende am N\u00fcrburgring - SLICKPIX Magazin\",\"isPartOf\":{\"@id\":\"https:\\\/\\\/slickpix.de\\\/#website\"},\"primaryImageOfPage\":{\"@id\":\"https:\\\/\\\/slickpix.de\\\/racing\\\/belmot-oldtimer-grand-prix-2026-erfolgreiches-klassik-wochenende-am-nuerburgring\\\/#primaryimage\"},\"image\":{\"@id\":\"https:\\\/\\\/slickpix.de\\\/racing\\\/belmot-oldtimer-grand-prix-2026-erfolgreiches-klassik-wochenende-am-nuerburgring\\\/#primaryimage\"},\"thumbnailUrl\":\"https:\\\/\\\/slickpix.de\\\/wp-content\\\/uploads\\\/2026\\\/08\\\/2026-08-10-Marcel-Ebeling-OGP-scaled.jpg\",\"datePublished\":\"2026-08-10T07:26:52+00:00\",\"dateModified\":\"2026-08-10T07:26:53+00:00\",\"description\":\"Historische Rennwagen, legend\u00e4re Fahrer und gelungene Premieren sorgten beim BELMOT Oldtimer Grand Prix 2026 f\u00fcr ein Wochenende voller Motorsportgeschichte und echter Emotionen. Warum gerade neue Formate und traditionsreiche Klassiker das Publikum am N\u00fcrburgring gleicherma\u00dfen begeisterten, zeigt unser R\u00fcckblick auf das gr\u00f6\u00dfte Klassikfestival des Jahres.\",\"breadcrumb\":{\"@id\":\"https:\\\/\\\/slickpix.de\\\/racing\\\/belmot-oldtimer-grand-prix-2026-erfolgreiches-klassik-wochenende-am-nuerburgring\\\/#breadcrumb\"},\"inLanguage\":\"en-US\",\"potentialAction\":[{\"@type\":\"ReadAction\",\"target\":[\"https:\\\/\\\/slickpix.de\\\/racing\\\/belmot-oldtimer-grand-prix-2026-erfolgreiches-klassik-wochenende-am-nuerburgring\\\/\"]}]},{\"@type\":\"ImageObject\",\"inLanguage\":\"en-US\",\"@id\":\"https:\\\/\\\/slickpix.de\\\/racing\\\/belmot-oldtimer-grand-prix-2026-erfolgreiches-klassik-wochenende-am-nuerburgring\\\/#primaryimage\",\"url\":\"https:\\\/\\\/slickpix.de\\\/wp-content\\\/uploads\\\/2026\\\/08\\\/2026-08-10-Marcel-Ebeling-OGP-scaled.jpg\",\"contentUrl\":\"https:\\\/\\\/slickpix.de\\\/wp-content\\\/uploads\\\/2026\\\/08\\\/2026-08-10-Marcel-Ebeling-OGP-scaled.jpg\",\"width\":2560,\"height\":1707,\"caption\":\"\u00a9 Marcel Ebeling\"},{\"@type\":\"BreadcrumbList\",\"@id\":\"https:\\\/\\\/slickpix.de\\\/racing\\\/belmot-oldtimer-grand-prix-2026-erfolgreiches-klassik-wochenende-am-nuerburgring\\\/#breadcrumb\",\"itemListElement\":[{\"@type\":\"ListItem\",\"position\":1,\"name\":\"Home\",\"item\":\"https:\\\/\\\/slickpix.de\\\/\"},{\"@type\":\"ListItem\",\"position\":2,\"name\":\"BELMOT Oldtimer-Grand-Prix 2026: Erfolgreiches Klassik-Wochenende am N\u00fcrburgring\"}]},{\"@type\":\"WebSite\",\"@id\":\"https:\\\/\\\/slickpix.de\\\/#website\",\"url\":\"https:\\\/\\\/slickpix.de\\\/\",\"name\":\"SLICKPIX Magazin\",\"description\":\"Motorsport Pictures &amp; Stories\",\"publisher\":{\"@id\":\"https:\\\/\\\/slickpix.de\\\/#organization\"},\"potentialAction\":[{\"@type\":\"SearchAction\",\"target\":{\"@type\":\"EntryPoint\",\"urlTemplate\":\"https:\\\/\\\/slickpix.de\\\/?s={search_term_string}\"},\"query-input\":{\"@type\":\"PropertyValueSpecification\",\"valueRequired\":true,\"valueName\":\"search_term_string\"}}],\"inLanguage\":\"en-US\"},{\"@type\":\"Organization\",\"@id\":\"https:\\\/\\\/slickpix.de\\\/#organization\",\"name\":\"Slickpix\",\"url\":\"https:\\\/\\\/slickpix.de\\\/\",\"logo\":{\"@type\":\"ImageObject\",\"inLanguage\":\"en-US\",\"@id\":\"https:\\\/\\\/slickpix.de\\\/#\\\/schema\\\/logo\\\/image\\\/\",\"url\":\"https:\\\/\\\/slickpix.de\\\/wp-content\\\/uploads\\\/2026\\\/06\\\/spx-logo.png\",\"contentUrl\":\"https:\\\/\\\/slickpix.de\\\/wp-content\\\/uploads\\\/2026\\\/06\\\/spx-logo.png\",\"width\":800,\"height\":145,\"caption\":\"Slickpix\"},\"image\":{\"@id\":\"https:\\\/\\\/slickpix.de\\\/#\\\/schema\\\/logo\\\/image\\\/\"},\"sameAs\":[\"https:\\\/\\\/facebook.com\\\/slickpix\",\"https:\\\/\\\/instagram.com\\\/slickpix.de\\\/\"]},{\"@type\":\"Person\",\"@id\":\"https:\\\/\\\/slickpix.de\\\/#\\\/schema\\\/person\\\/d1ea5f86532f2bd096a6da0b584d1d01\",\"name\":\"Christoph Caspary\",\"sameAs\":[\"https:\\\/\\\/slickpix.de\"],\"url\":\"https:\\\/\\\/slickpix.de\\\/en\\\/author\\\/christoph-caspary\\\/\"}]}<\/script>\n<!-- \/ Yoast SEO plugin. -->","yoast_head_json":{"title":"BELMOT Oldtimer-Grand-Prix 2026: Successful Classic Weekend at the N\u00fcrburgring - SLICKPIX Magazine","description":"Historic racing cars, legendary drivers, and successful premieres made for a weekend full of motorsport history and genuine emotion at the 2026 BELMOT Oldtimer Grand Prix. Our review of the largest classic festival of the year shows why new formats and traditional classics alike thrilled the audience at the N\u00fcrburgring.","robots":{"index":"index","follow":"follow","max-snippet":"max-snippet:-1","max-image-preview":"max-image-preview:large","max-video-preview":"max-video-preview:-1"},"canonical":"https:\/\/slickpix.de\/en\/racing\/belmot-oldtimer-grand-prix-2026-successful-classic-weekend-at-the-nuerburgring\/","og_locale":"en_US","og_type":"article","og_title":"BELMOT Oldtimer-Grand-Prix 2026: Erfolgreiches Klassik-Wochenende am N\u00fcrburgring - SLICKPIX Magazin","og_description":"Historische Rennwagen, legend\u00e4re Fahrer und gelungene Premieren sorgten beim BELMOT Oldtimer Grand Prix 2026 f\u00fcr ein Wochenende voller Motorsportgeschichte und echter Emotionen. Warum gerade neue Formate und traditionsreiche Klassiker das Publikum am N\u00fcrburgring gleicherma\u00dfen begeisterten, zeigt unser R\u00fcckblick auf das gr\u00f6\u00dfte Klassikfestival des Jahres.","og_url":"https:\/\/slickpix.de\/en\/racing\/belmot-oldtimer-grand-prix-2026-successful-classic-weekend-at-the-nuerburgring\/","og_site_name":"SLICKPIX Magazin","article_publisher":"https:\/\/facebook.com\/slickpix","article_published_time":"2026-08-10T07:26:52+00:00","article_modified_time":"2026-08-10T07:26:53+00:00","og_image":[{"width":2560,"height":1707,"url":"https:\/\/slickpix.de\/wp-content\/uploads\/2026\/08\/2026-08-10-Marcel-Ebeling-OGP-scaled.jpg","type":"image\/jpeg"}],"author":"Christoph Caspary","twitter_card":"summary_large_image","twitter_misc":{"Written by":"Christoph Caspary","Est. reading time":"4 minutes"},"schema":{"@context":"https:\/\/schema.org","@graph":[{"@type":"Article","@id":"https:\/\/slickpix.de\/racing\/belmot-oldtimer-grand-prix-2026-erfolgreiches-klassik-wochenende-am-nuerburgring\/#article","isPartOf":{"@id":"https:\/\/slickpix.de\/racing\/belmot-oldtimer-grand-prix-2026-erfolgreiches-klassik-wochenende-am-nuerburgring\/"},"author":{"name":"Christoph Caspary","@id":"https:\/\/slickpix.de\/#\/schema\/person\/d1ea5f86532f2bd096a6da0b584d1d01"},"headline":"BELMOT Oldtimer-Grand-Prix 2026: Erfolgreiches Klassik-Wochenende am N\u00fcrburgring","datePublished":"2026-08-10T07:26:52+00:00","dateModified":"2026-08-10T07:26:53+00:00","mainEntityOfPage":{"@id":"https:\/\/slickpix.de\/racing\/belmot-oldtimer-grand-prix-2026-erfolgreiches-klassik-wochenende-am-nuerburgring\/"},"wordCount":551,"commentCount":0,"publisher":{"@id":"https:\/\/slickpix.de\/#organization"},"image":{"@id":"https:\/\/slickpix.de\/racing\/belmot-oldtimer-grand-prix-2026-erfolgreiches-klassik-wochenende-am-nuerburgring\/#primaryimage"},"thumbnailUrl":"https:\/\/slickpix.de\/wp-content\/uploads\/2026\/08\/2026-08-10-Marcel-Ebeling-OGP-scaled.jpg","keywords":["Abendrennen","Automobilauktion","BELMOT","BELMOT Oldtimer Grand Prix","BMW Classic","BMW M3 GT2","Bugatti","Christian Klien","Class One Revival","Classicbid","Ferrari","Formel 1 Klassiker","Formula Heritage","GrabTheFlag","GT Fahrzeuge","Helmut D\u00e4hne","Herbert Schnitzer","Historic Motorsport","Historic Racing","Historische Rennwagen","historischer Motorsport","Interwetten Sports Cars Challenge","Junghans","Klassik Event","Klassik Motorsport","Klassiker","Mannheimer Versicherung","Mercedes Benz 680 S","Motor Klassik","Motorsport Deutschland","Motorsport Festival","Motorsport News","Motorsportgeschichte","N\u00fcrburgring","N\u00fcrburgring 100 Jahre","N\u00fcrburgring Jubil\u00e4um","Oldtimer","Oldtimer Festival","Oldtimer Grand Prix 2026","Opel Vectra STW","Porsche Classic Cup","Prototypen","Rennsport","Rudolf Caracciola","Schnitzer Classic","Super Touring Revival","Tourenwagen","Tourenwagen Goldene \u00c4ra","Trophy Race for Ferrari Cars","Uwe Alzen","Vintage Sports Car Trophy","Vorkriegsrennwagen"],"articleSection":["Racing"],"inLanguage":"en-US","potentialAction":[{"@type":"CommentAction","name":"Comment","target":["https:\/\/slickpix.de\/racing\/belmot-oldtimer-grand-prix-2026-erfolgreiches-klassik-wochenende-am-nuerburgring\/#respond"]}]},{"@type":"WebPage","@id":"https:\/\/slickpix.de\/racing\/belmot-oldtimer-grand-prix-2026-erfolgreiches-klassik-wochenende-am-nuerburgring\/","url":"https:\/\/slickpix.de\/racing\/belmot-oldtimer-grand-prix-2026-erfolgreiches-klassik-wochenende-am-nuerburgring\/","name":"BELMOT Oldtimer-Grand-Prix 2026: Successful Classic Weekend at the N\u00fcrburgring - SLICKPIX Magazine","isPartOf":{"@id":"https:\/\/slickpix.de\/#website"},"primaryImageOfPage":{"@id":"https:\/\/slickpix.de\/racing\/belmot-oldtimer-grand-prix-2026-erfolgreiches-klassik-wochenende-am-nuerburgring\/#primaryimage"},"image":{"@id":"https:\/\/slickpix.de\/racing\/belmot-oldtimer-grand-prix-2026-erfolgreiches-klassik-wochenende-am-nuerburgring\/#primaryimage"},"thumbnailUrl":"https:\/\/slickpix.de\/wp-content\/uploads\/2026\/08\/2026-08-10-Marcel-Ebeling-OGP-scaled.jpg","datePublished":"2026-08-10T07:26:52+00:00","dateModified":"2026-08-10T07:26:53+00:00","description":"Historic racing cars, legendary drivers, and successful premieres made for a weekend full of motorsport history and genuine emotion at the 2026 BELMOT Oldtimer Grand Prix. Our review of the largest classic festival of the year shows why new formats and traditional classics alike thrilled the audience at the N\u00fcrburgring.","breadcrumb":{"@id":"https:\/\/slickpix.de\/racing\/belmot-oldtimer-grand-prix-2026-erfolgreiches-klassik-wochenende-am-nuerburgring\/#breadcrumb"},"inLanguage":"en-US","potentialAction":[{"@type":"ReadAction","target":["https:\/\/slickpix.de\/racing\/belmot-oldtimer-grand-prix-2026-erfolgreiches-klassik-wochenende-am-nuerburgring\/"]}]},{"@type":"ImageObject","inLanguage":"en-US","@id":"https:\/\/slickpix.de\/racing\/belmot-oldtimer-grand-prix-2026-erfolgreiches-klassik-wochenende-am-nuerburgring\/#primaryimage","url":"https:\/\/slickpix.de\/wp-content\/uploads\/2026\/08\/2026-08-10-Marcel-Ebeling-OGP-scaled.jpg","contentUrl":"https:\/\/slickpix.de\/wp-content\/uploads\/2026\/08\/2026-08-10-Marcel-Ebeling-OGP-scaled.jpg","width":2560,"height":1707,"caption":"\u00a9 Marcel Ebeling"},{"@type":"BreadcrumbList","@id":"https:\/\/slickpix.de\/racing\/belmot-oldtimer-grand-prix-2026-erfolgreiches-klassik-wochenende-am-nuerburgring\/#breadcrumb","itemListElement":[{"@type":"ListItem","position":1,"name":"Home","item":"https:\/\/slickpix.de\/"},{"@type":"ListItem","position":2,"name":"BELMOT Oldtimer-Grand-Prix 2026: Erfolgreiches Klassik-Wochenende am N\u00fcrburgring"}]},{"@type":"WebSite","@id":"https:\/\/slickpix.de\/#website","url":"https:\/\/slickpix.de\/","name":"SLICKPIX Magazine","description":"Motorsport Pictures &amp; Stories","publisher":{"@id":"https:\/\/slickpix.de\/#organization"},"potentialAction":[{"@type":"SearchAction","target":{"@type":"EntryPoint","urlTemplate":"https:\/\/slickpix.de\/?s={search_term_string}"},"query-input":{"@type":"PropertyValueSpecification","valueRequired":true,"valueName":"search_term_string"}}],"inLanguage":"en-US"},{"@type":"Organization","@id":"https:\/\/slickpix.de\/#organization","name":"Slickpix","url":"https:\/\/slickpix.de\/","logo":{"@type":"ImageObject","inLanguage":"en-US","@id":"https:\/\/slickpix.de\/#\/schema\/logo\/image\/","url":"https:\/\/slickpix.de\/wp-content\/uploads\/2026\/06\/spx-logo.png","contentUrl":"https:\/\/slickpix.de\/wp-content\/uploads\/2026\/06\/spx-logo.png","width":800,"height":145,"caption":"Slickpix"},"image":{"@id":"https:\/\/slickpix.de\/#\/schema\/logo\/image\/"},"sameAs":["https:\/\/facebook.com\/slickpix","https:\/\/instagram.com\/slickpix.de\/"]},{"@type":"Person","@id":"https:\/\/slickpix.de\/#\/schema\/person\/d1ea5f86532f2bd096a6da0b584d1d01","name":"Christoph Caspary","sameAs":["https:\/\/slickpix.de"],"url":"https:\/\/slickpix.de\/en\/author\/christoph-caspary\/"}]}},"_links":{"self":[{"href":"https:\/\/slickpix.de\/en\/wp-json\/wp\/v2\/posts\/24768","targetHints":{"allow":["GET"]}}],"collection":[{"href":"https:\/\/slickpix.de\/en\/wp-json\/wp\/v2\/posts"}],"about":[{"href":"https:\/\/slickpix.de\/en\/wp-json\/wp\/v2\/types\/post"}],"author":[{"embeddable":true,"href":"https:\/\/slickpix.de\/en\/wp-json\/wp\/v2\/users\/3"}],"replies":[{"embeddable":true,"href":"https:\/\/slickpix.de\/en\/wp-json\/wp\/v2\/comments?post=24768"}],"version-history":[{"count":1,"href":"https:\/\/slickpix.de\/en\/wp-json\/wp\/v2\/posts\/24768\/revisions"}],"predecessor-version":[{"id":24770,"href":"https:\/\/slickpix.de\/en\/wp-json\/wp\/v2\/posts\/24768\/revisions\/24770"}],"wp:featuredmedia":[{"embeddable":true,"href":"https:\/\/slickpix.de\/en\/wp-json\/wp\/v2\/media\/24769"}],"wp:attachment":[{"href":"https:\/\/slickpix.de\/en\/wp-json\/wp\/v2\/media?parent=24768"}],"wp:term":[{"taxonomy":"category","embeddable":true,"href":"https:\/\/slickpix.de\/en\/wp-json\/wp\/v2\/categories?post=24768"},{"taxonomy":"post_tag","embeddable":true,"href":"https:\/\/slickpix.de\/en\/wp-json\/wp\/v2\/tags?post=24768"},{"taxonomy":"photographer","embeddable":true,"href":"https:\/\/slickpix.de\/en\/wp-json\/wp\/v2\/photographer?post=24768"}],"curies":[{"name":"wp","href":"https:\/\/api.w.org\/{rel}","templated":true}]}}