{"id":22096,"date":"2026-04-18T21:43:57","date_gmt":"2026-04-18T19:43:57","guid":{"rendered":"https:\/\/slickpix.de\/?p=22096"},"modified":"2026-04-18T21:43:58","modified_gmt":"2026-04-18T19:43:58","slug":"f1-chance-for-herta-cadillac-confirms-first-practice-session","status":"publish","type":"post","link":"https:\/\/slickpix.de\/en\/news\/f1-chance-fuer-herta-cadillac-bestaetigt-ersten-trainingseinsatz\/","title":{"rendered":"F1 chance for Herta: Cadillac confirms first practice session"},"content":{"rendered":"<p><\/p>\n\n\n\n<p>Colton Herta's next career step is official: The American talent will get behind the wheel for the first time during a Formula 1 weekend. As the team confirmed, the 26-year-old will compete at the Spanish Grand Prix.<\/p>\n\n\n\n<p>The plan is for Herta to compete in the first practice session at the Circuit de Barcelona-Catalunya. In addition, three more appearances in free practice sessions are planned during the season, including an appearance at the team's home race in Miami.<\/p>\n\n\n\n<p>Herta's path towards Formula 1 has been unusual lately: To increase his chances, he left the IndyCar Series and moved to Formula 2. At the same time, he took on a role as a test and reserve driver for Cadillac \u2013 an engagement that is now opening the door for him to the premier class.<\/p>\n\n\n\n<p>Team principal Graeme Lowdon described the deployment as a logical development: Herta had already proven his potential in the USA and in the junior class. His previous performances and focus, in particular, would make him an exciting candidate for the team.<\/p>\n\n\n\n<p>Herta himself is also looking forward to his first run in the Formula 1 car. The Californian emphasizes that he wants to use the opportunity to gain as much experience as possible in the racing environment and to continue developing.<\/p>\n\n\n\n<p>Herta had already made a name for himself early on in the USA: He celebrated his first victory at the age of 18. In the IndyCar overall standings, he finished third in 2020 and second in 2024.<\/p>\n\n\n\n<p>His entry into Formula 2 was solid \u2013 at the season opener in Melbourne, he drove straight into the top ten. In the long term, he is considered a candidate for a regular Formula 1 cockpit, possibly as early as the coming years.<\/p>\n\n\n\n<p>A background element is also a Formula 1 regulation: each team must complete several practice sessions with junior drivers per season \u2013 an opportunity that Cadillac is now deliberately utilizing.<\/p>","protected":false},"excerpt":{"rendered":"<p>Der n\u00e4chste Karriereschritt f\u00fcr Colton Herta ist offiziell: Das US-Talent wird erstmals im Rahmen eines Formel-1-Wochenendes ins Cockpit steigen. Wie das Team &#8230; <a title=\"F1 chance for Herta: Cadillac confirms first practice session\" class=\"read-more\" href=\"https:\/\/slickpix.de\/en\/news\/f1-chance-fuer-herta-cadillac-bestaetigt-ersten-trainingseinsatz\/\" aria-label=\"Read more about F1-Chance f\u00fcr Herta: Cadillac best\u00e4tigt ersten Trainingseinsatz\">Read more<\/a><\/p>","protected":false},"author":3,"featured_media":22097,"comment_status":"open","ping_status":"closed","sticky":false,"template":"","format":"standard","meta":{"footnotes":""},"categories":[46],"tags":[1515,2802,2809,1516,2816,2815,632,1268,2806,2804,2812,1597,2813,2805,633,2807,2814,2811,2801,2803,2810,2808,2817],"photographer":[],"class_list":["post-22096","post","type-post","status-publish","format-standard","has-post-thumbnail","hentry","category-news","tag-cadillac","tag-circuit-de-barcelona-catalunya","tag-cockpit","tag-colton-herta","tag-entwicklung","tag-ersatzfahrer","tag-formel-1","tag-formel-2","tag-fp1","tag-freies-training","tag-graeme-lowdon","tag-indycar","tag-karrierewechsel","tag-miami-grand-prix","tag-motorsport","tag-nachwuchsfahrer-regel","tag-nachwuchstalent","tag-rennwochenende","tag-rookie-einsatz","tag-spanien-grand-prix","tag-stammcockpit","tag-testfahrer","tag-zukunftsperspektive","generate-columns","tablet-grid-50","mobile-grid-100","grid-parent","grid-50"],"yoast_head":"<!-- This site is optimized with the Yoast SEO plugin v27.4 - https:\/\/yoast.com\/product\/yoast-seo-wordpress\/ -->\n<title>F1-Chance f\u00fcr Herta: Cadillac best\u00e4tigt ersten Trainingseinsatz - SLICKPIX Magazin<\/title>\n<meta name=\"robots\" content=\"index, follow, max-snippet:-1, max-image-preview:large, max-video-preview:-1\" \/>\n<link rel=\"canonical\" href=\"https:\/\/slickpix.de\/en\/news\/f1-chance-for-herta-cadillac-confirms-first-practice-session\/\" \/>\n<meta property=\"og:locale\" content=\"en_US\" \/>\n<meta property=\"og:type\" content=\"article\" \/>\n<meta property=\"og:title\" content=\"F1-Chance f\u00fcr Herta: Cadillac best\u00e4tigt ersten Trainingseinsatz - SLICKPIX Magazin\" \/>\n<meta property=\"og:description\" content=\"Der n\u00e4chste Karriereschritt f\u00fcr Colton Herta ist offiziell: Das US-Talent wird erstmals im Rahmen eines Formel-1-Wochenendes ins Cockpit steigen. Wie das Team ... Read more\" \/>\n<meta property=\"og:url\" content=\"https:\/\/slickpix.de\/en\/news\/f1-chance-for-herta-cadillac-confirms-first-practice-session\/\" \/>\n<meta property=\"og:site_name\" content=\"SLICKPIX Magazin\" \/>\n<meta property=\"article:publisher\" content=\"https:\/\/facebook.com\/slickpix\" \/>\n<meta property=\"article:published_time\" content=\"2026-04-18T19:43:57+00:00\" \/>\n<meta property=\"article:modified_time\" content=\"2026-04-18T19:43:58+00:00\" \/>\n<meta property=\"og:image\" content=\"https:\/\/slickpix.de\/wp-content\/uploads\/2026\/04\/2026-04-18-MKE-KM09012024-26648.jpg\" \/>\n\t<meta property=\"og:image:width\" content=\"1200\" \/>\n\t<meta property=\"og:image:height\" content=\"800\" \/>\n\t<meta property=\"og:image:type\" content=\"image\/jpeg\" \/>\n<meta name=\"author\" content=\"Christoph Caspary\" \/>\n<meta name=\"twitter:card\" content=\"summary_large_image\" \/>\n<meta name=\"twitter:label1\" content=\"Written by\" \/>\n\t<meta name=\"twitter:data1\" content=\"Christoph Caspary\" \/>\n\t<meta name=\"twitter:label2\" content=\"Est. reading time\" \/>\n\t<meta name=\"twitter:data2\" content=\"2 minutes\" \/>\n<script type=\"application\/ld+json\" class=\"yoast-schema-graph\">{\"@context\":\"https:\\\/\\\/schema.org\",\"@graph\":[{\"@type\":\"Article\",\"@id\":\"https:\\\/\\\/slickpix.de\\\/news\\\/f1-chance-fuer-herta-cadillac-bestaetigt-ersten-trainingseinsatz\\\/#article\",\"isPartOf\":{\"@id\":\"https:\\\/\\\/slickpix.de\\\/news\\\/f1-chance-fuer-herta-cadillac-bestaetigt-ersten-trainingseinsatz\\\/\"},\"author\":{\"name\":\"Christoph Caspary\",\"@id\":\"https:\\\/\\\/slickpix.de\\\/#\\\/schema\\\/person\\\/d1ea5f86532f2bd096a6da0b584d1d01\"},\"headline\":\"F1-Chance f\u00fcr Herta: Cadillac best\u00e4tigt ersten Trainingseinsatz\",\"datePublished\":\"2026-04-18T19:43:57+00:00\",\"dateModified\":\"2026-04-18T19:43:58+00:00\",\"mainEntityOfPage\":{\"@id\":\"https:\\\/\\\/slickpix.de\\\/news\\\/f1-chance-fuer-herta-cadillac-bestaetigt-ersten-trainingseinsatz\\\/\"},\"wordCount\":306,\"commentCount\":0,\"publisher\":{\"@id\":\"https:\\\/\\\/slickpix.de\\\/#organization\"},\"image\":{\"@id\":\"https:\\\/\\\/slickpix.de\\\/news\\\/f1-chance-fuer-herta-cadillac-bestaetigt-ersten-trainingseinsatz\\\/#primaryimage\"},\"thumbnailUrl\":\"https:\\\/\\\/slickpix.de\\\/wp-content\\\/uploads\\\/2026\\\/04\\\/2026-04-18-MKE-KM09012024-26648.jpg\",\"keywords\":[\"Cadillac\",\"Circuit de Barcelona-Catalunya\",\"Cockpit\",\"Colton Herta\",\"Entwicklung\",\"Ersatzfahrer\",\"Formel 1\",\"Formel 2\",\"FP1\",\"Freies Training\",\"Graeme Lowdon\",\"Indycar\",\"Karrierewechsel\",\"Miami Grand Prix\",\"Motorsport\",\"Nachwuchsfahrer-Regel\",\"Nachwuchstalent\",\"Rennwochenende\",\"Rookie-Einsatz\",\"Spanien-Grand-Prix\",\"Stammcockpit\",\"Testfahrer\",\"Zukunftsperspektive\"],\"articleSection\":[\"News\"],\"inLanguage\":\"en-US\",\"potentialAction\":[{\"@type\":\"CommentAction\",\"name\":\"Comment\",\"target\":[\"https:\\\/\\\/slickpix.de\\\/news\\\/f1-chance-fuer-herta-cadillac-bestaetigt-ersten-trainingseinsatz\\\/#respond\"]}]},{\"@type\":\"WebPage\",\"@id\":\"https:\\\/\\\/slickpix.de\\\/news\\\/f1-chance-fuer-herta-cadillac-bestaetigt-ersten-trainingseinsatz\\\/\",\"url\":\"https:\\\/\\\/slickpix.de\\\/news\\\/f1-chance-fuer-herta-cadillac-bestaetigt-ersten-trainingseinsatz\\\/\",\"name\":\"F1-Chance f\u00fcr Herta: Cadillac best\u00e4tigt ersten Trainingseinsatz - SLICKPIX Magazin\",\"isPartOf\":{\"@id\":\"https:\\\/\\\/slickpix.de\\\/#website\"},\"primaryImageOfPage\":{\"@id\":\"https:\\\/\\\/slickpix.de\\\/news\\\/f1-chance-fuer-herta-cadillac-bestaetigt-ersten-trainingseinsatz\\\/#primaryimage\"},\"image\":{\"@id\":\"https:\\\/\\\/slickpix.de\\\/news\\\/f1-chance-fuer-herta-cadillac-bestaetigt-ersten-trainingseinsatz\\\/#primaryimage\"},\"thumbnailUrl\":\"https:\\\/\\\/slickpix.de\\\/wp-content\\\/uploads\\\/2026\\\/04\\\/2026-04-18-MKE-KM09012024-26648.jpg\",\"datePublished\":\"2026-04-18T19:43:57+00:00\",\"dateModified\":\"2026-04-18T19:43:58+00:00\",\"breadcrumb\":{\"@id\":\"https:\\\/\\\/slickpix.de\\\/news\\\/f1-chance-fuer-herta-cadillac-bestaetigt-ersten-trainingseinsatz\\\/#breadcrumb\"},\"inLanguage\":\"en-US\",\"potentialAction\":[{\"@type\":\"ReadAction\",\"target\":[\"https:\\\/\\\/slickpix.de\\\/news\\\/f1-chance-fuer-herta-cadillac-bestaetigt-ersten-trainingseinsatz\\\/\"]}]},{\"@type\":\"ImageObject\",\"inLanguage\":\"en-US\",\"@id\":\"https:\\\/\\\/slickpix.de\\\/news\\\/f1-chance-fuer-herta-cadillac-bestaetigt-ersten-trainingseinsatz\\\/#primaryimage\",\"url\":\"https:\\\/\\\/slickpix.de\\\/wp-content\\\/uploads\\\/2026\\\/04\\\/2026-04-18-MKE-KM09012024-26648.jpg\",\"contentUrl\":\"https:\\\/\\\/slickpix.de\\\/wp-content\\\/uploads\\\/2026\\\/04\\\/2026-04-18-MKE-KM09012024-26648.jpg\",\"width\":1200,\"height\":800,\"caption\":\"\u00a9 coltonherta.com\"},{\"@type\":\"BreadcrumbList\",\"@id\":\"https:\\\/\\\/slickpix.de\\\/news\\\/f1-chance-fuer-herta-cadillac-bestaetigt-ersten-trainingseinsatz\\\/#breadcrumb\",\"itemListElement\":[{\"@type\":\"ListItem\",\"position\":1,\"name\":\"Home\",\"item\":\"https:\\\/\\\/slickpix.de\\\/\"},{\"@type\":\"ListItem\",\"position\":2,\"name\":\"F1-Chance f\u00fcr Herta: Cadillac best\u00e4tigt ersten Trainingseinsatz\"}]},{\"@type\":\"WebSite\",\"@id\":\"https:\\\/\\\/slickpix.de\\\/#website\",\"url\":\"https:\\\/\\\/slickpix.de\\\/\",\"name\":\"SLICKPIX Magazin\",\"description\":\"Motorsport Pictures &amp; Stories\",\"publisher\":{\"@id\":\"https:\\\/\\\/slickpix.de\\\/#organization\"},\"potentialAction\":[{\"@type\":\"SearchAction\",\"target\":{\"@type\":\"EntryPoint\",\"urlTemplate\":\"https:\\\/\\\/slickpix.de\\\/?s={search_term_string}\"},\"query-input\":{\"@type\":\"PropertyValueSpecification\",\"valueRequired\":true,\"valueName\":\"search_term_string\"}}],\"inLanguage\":\"en-US\"},{\"@type\":\"Organization\",\"@id\":\"https:\\\/\\\/slickpix.de\\\/#organization\",\"name\":\"Slickpix\",\"url\":\"https:\\\/\\\/slickpix.de\\\/\",\"logo\":{\"@type\":\"ImageObject\",\"inLanguage\":\"en-US\",\"@id\":\"https:\\\/\\\/slickpix.de\\\/#\\\/schema\\\/logo\\\/image\\\/\",\"url\":\"https:\\\/\\\/slickpix.de\\\/wp-content\\\/uploads\\\/2025\\\/12\\\/slickpix-logo.png\",\"contentUrl\":\"https:\\\/\\\/slickpix.de\\\/wp-content\\\/uploads\\\/2025\\\/12\\\/slickpix-logo.png\",\"width\":800,\"height\":180,\"caption\":\"Slickpix\"},\"image\":{\"@id\":\"https:\\\/\\\/slickpix.de\\\/#\\\/schema\\\/logo\\\/image\\\/\"},\"sameAs\":[\"https:\\\/\\\/facebook.com\\\/slickpix\",\"https:\\\/\\\/instagram.com\\\/slickpix.de\\\/\"]},{\"@type\":\"Person\",\"@id\":\"https:\\\/\\\/slickpix.de\\\/#\\\/schema\\\/person\\\/d1ea5f86532f2bd096a6da0b584d1d01\",\"name\":\"Christoph Caspary\",\"sameAs\":[\"https:\\\/\\\/slickpix.de\"],\"url\":\"https:\\\/\\\/slickpix.de\\\/en\\\/author\\\/christoph-caspary\\\/\"}]}<\/script>\n<!-- \/ Yoast SEO plugin. -->","yoast_head_json":{"title":"F1 Chance for Herta: Cadillac Confirms First Practice Session - SLICKPIX Magazine","robots":{"index":"index","follow":"follow","max-snippet":"max-snippet:-1","max-image-preview":"max-image-preview:large","max-video-preview":"max-video-preview:-1"},"canonical":"https:\/\/slickpix.de\/en\/news\/f1-chance-for-herta-cadillac-confirms-first-practice-session\/","og_locale":"en_US","og_type":"article","og_title":"F1-Chance f\u00fcr Herta: Cadillac best\u00e4tigt ersten Trainingseinsatz - SLICKPIX Magazin","og_description":"Der n\u00e4chste Karriereschritt f\u00fcr Colton Herta ist offiziell: Das US-Talent wird erstmals im Rahmen eines Formel-1-Wochenendes ins Cockpit steigen. Wie das Team ... Read more","og_url":"https:\/\/slickpix.de\/en\/news\/f1-chance-for-herta-cadillac-confirms-first-practice-session\/","og_site_name":"SLICKPIX Magazin","article_publisher":"https:\/\/facebook.com\/slickpix","article_published_time":"2026-04-18T19:43:57+00:00","article_modified_time":"2026-04-18T19:43:58+00:00","og_image":[{"width":1200,"height":800,"url":"https:\/\/slickpix.de\/wp-content\/uploads\/2026\/04\/2026-04-18-MKE-KM09012024-26648.jpg","type":"image\/jpeg"}],"author":"Christoph Caspary","twitter_card":"summary_large_image","twitter_misc":{"Written by":"Christoph Caspary","Est. reading time":"2 minutes"},"schema":{"@context":"https:\/\/schema.org","@graph":[{"@type":"Article","@id":"https:\/\/slickpix.de\/news\/f1-chance-fuer-herta-cadillac-bestaetigt-ersten-trainingseinsatz\/#article","isPartOf":{"@id":"https:\/\/slickpix.de\/news\/f1-chance-fuer-herta-cadillac-bestaetigt-ersten-trainingseinsatz\/"},"author":{"name":"Christoph Caspary","@id":"https:\/\/slickpix.de\/#\/schema\/person\/d1ea5f86532f2bd096a6da0b584d1d01"},"headline":"F1-Chance f\u00fcr Herta: Cadillac best\u00e4tigt ersten Trainingseinsatz","datePublished":"2026-04-18T19:43:57+00:00","dateModified":"2026-04-18T19:43:58+00:00","mainEntityOfPage":{"@id":"https:\/\/slickpix.de\/news\/f1-chance-fuer-herta-cadillac-bestaetigt-ersten-trainingseinsatz\/"},"wordCount":306,"commentCount":0,"publisher":{"@id":"https:\/\/slickpix.de\/#organization"},"image":{"@id":"https:\/\/slickpix.de\/news\/f1-chance-fuer-herta-cadillac-bestaetigt-ersten-trainingseinsatz\/#primaryimage"},"thumbnailUrl":"https:\/\/slickpix.de\/wp-content\/uploads\/2026\/04\/2026-04-18-MKE-KM09012024-26648.jpg","keywords":["Cadillac","Circuit de Barcelona-Catalunya","Cockpit","Colton Herta","Entwicklung","Ersatzfahrer","Formel 1","Formel 2","FP1","Freies Training","Graeme Lowdon","Indycar","Karrierewechsel","Miami Grand Prix","Motorsport","Nachwuchsfahrer-Regel","Nachwuchstalent","Rennwochenende","Rookie-Einsatz","Spanien-Grand-Prix","Stammcockpit","Testfahrer","Zukunftsperspektive"],"articleSection":["News"],"inLanguage":"en-US","potentialAction":[{"@type":"CommentAction","name":"Comment","target":["https:\/\/slickpix.de\/news\/f1-chance-fuer-herta-cadillac-bestaetigt-ersten-trainingseinsatz\/#respond"]}]},{"@type":"WebPage","@id":"https:\/\/slickpix.de\/news\/f1-chance-fuer-herta-cadillac-bestaetigt-ersten-trainingseinsatz\/","url":"https:\/\/slickpix.de\/news\/f1-chance-fuer-herta-cadillac-bestaetigt-ersten-trainingseinsatz\/","name":"F1 Chance for Herta: Cadillac Confirms First Practice Session - SLICKPIX Magazine","isPartOf":{"@id":"https:\/\/slickpix.de\/#website"},"primaryImageOfPage":{"@id":"https:\/\/slickpix.de\/news\/f1-chance-fuer-herta-cadillac-bestaetigt-ersten-trainingseinsatz\/#primaryimage"},"image":{"@id":"https:\/\/slickpix.de\/news\/f1-chance-fuer-herta-cadillac-bestaetigt-ersten-trainingseinsatz\/#primaryimage"},"thumbnailUrl":"https:\/\/slickpix.de\/wp-content\/uploads\/2026\/04\/2026-04-18-MKE-KM09012024-26648.jpg","datePublished":"2026-04-18T19:43:57+00:00","dateModified":"2026-04-18T19:43:58+00:00","breadcrumb":{"@id":"https:\/\/slickpix.de\/news\/f1-chance-fuer-herta-cadillac-bestaetigt-ersten-trainingseinsatz\/#breadcrumb"},"inLanguage":"en-US","potentialAction":[{"@type":"ReadAction","target":["https:\/\/slickpix.de\/news\/f1-chance-fuer-herta-cadillac-bestaetigt-ersten-trainingseinsatz\/"]}]},{"@type":"ImageObject","inLanguage":"en-US","@id":"https:\/\/slickpix.de\/news\/f1-chance-fuer-herta-cadillac-bestaetigt-ersten-trainingseinsatz\/#primaryimage","url":"https:\/\/slickpix.de\/wp-content\/uploads\/2026\/04\/2026-04-18-MKE-KM09012024-26648.jpg","contentUrl":"https:\/\/slickpix.de\/wp-content\/uploads\/2026\/04\/2026-04-18-MKE-KM09012024-26648.jpg","width":1200,"height":800,"caption":"\u00a9 coltonherta.com"},{"@type":"BreadcrumbList","@id":"https:\/\/slickpix.de\/news\/f1-chance-fuer-herta-cadillac-bestaetigt-ersten-trainingseinsatz\/#breadcrumb","itemListElement":[{"@type":"ListItem","position":1,"name":"Home","item":"https:\/\/slickpix.de\/"},{"@type":"ListItem","position":2,"name":"F1-Chance f\u00fcr Herta: Cadillac best\u00e4tigt ersten Trainingseinsatz"}]},{"@type":"WebSite","@id":"https:\/\/slickpix.de\/#website","url":"https:\/\/slickpix.de\/","name":"SLICKPIX Magazine","description":"Motorsport Pictures &amp; Stories","publisher":{"@id":"https:\/\/slickpix.de\/#organization"},"potentialAction":[{"@type":"SearchAction","target":{"@type":"EntryPoint","urlTemplate":"https:\/\/slickpix.de\/?s={search_term_string}"},"query-input":{"@type":"PropertyValueSpecification","valueRequired":true,"valueName":"search_term_string"}}],"inLanguage":"en-US"},{"@type":"Organization","@id":"https:\/\/slickpix.de\/#organization","name":"Slickpix","url":"https:\/\/slickpix.de\/","logo":{"@type":"ImageObject","inLanguage":"en-US","@id":"https:\/\/slickpix.de\/#\/schema\/logo\/image\/","url":"https:\/\/slickpix.de\/wp-content\/uploads\/2025\/12\/slickpix-logo.png","contentUrl":"https:\/\/slickpix.de\/wp-content\/uploads\/2025\/12\/slickpix-logo.png","width":800,"height":180,"caption":"Slickpix"},"image":{"@id":"https:\/\/slickpix.de\/#\/schema\/logo\/image\/"},"sameAs":["https:\/\/facebook.com\/slickpix","https:\/\/instagram.com\/slickpix.de\/"]},{"@type":"Person","@id":"https:\/\/slickpix.de\/#\/schema\/person\/d1ea5f86532f2bd096a6da0b584d1d01","name":"Christoph Caspary","sameAs":["https:\/\/slickpix.de"],"url":"https:\/\/slickpix.de\/en\/author\/christoph-caspary\/"}]}},"_links":{"self":[{"href":"https:\/\/slickpix.de\/en\/wp-json\/wp\/v2\/posts\/22096","targetHints":{"allow":["GET"]}}],"collection":[{"href":"https:\/\/slickpix.de\/en\/wp-json\/wp\/v2\/posts"}],"about":[{"href":"https:\/\/slickpix.de\/en\/wp-json\/wp\/v2\/types\/post"}],"author":[{"embeddable":true,"href":"https:\/\/slickpix.de\/en\/wp-json\/wp\/v2\/users\/3"}],"replies":[{"embeddable":true,"href":"https:\/\/slickpix.de\/en\/wp-json\/wp\/v2\/comments?post=22096"}],"version-history":[{"count":1,"href":"https:\/\/slickpix.de\/en\/wp-json\/wp\/v2\/posts\/22096\/revisions"}],"predecessor-version":[{"id":22098,"href":"https:\/\/slickpix.de\/en\/wp-json\/wp\/v2\/posts\/22096\/revisions\/22098"}],"wp:featuredmedia":[{"embeddable":true,"href":"https:\/\/slickpix.de\/en\/wp-json\/wp\/v2\/media\/22097"}],"wp:attachment":[{"href":"https:\/\/slickpix.de\/en\/wp-json\/wp\/v2\/media?parent=22096"}],"wp:term":[{"taxonomy":"category","embeddable":true,"href":"https:\/\/slickpix.de\/en\/wp-json\/wp\/v2\/categories?post=22096"},{"taxonomy":"post_tag","embeddable":true,"href":"https:\/\/slickpix.de\/en\/wp-json\/wp\/v2\/tags?post=22096"},{"taxonomy":"photographer","embeddable":true,"href":"https:\/\/slickpix.de\/en\/wp-json\/wp\/v2\/photographer?post=22096"}],"curies":[{"name":"wp","href":"https:\/\/api.w.org\/{rel}","templated":true}]}}